{"id":188,"date":"2023-11-16T01:17:02","date_gmt":"2023-11-16T00:17:02","guid":{"rendered":"http:\/\/designbylylo.com\/?p=188"},"modified":"2023-12-05T17:58:44","modified_gmt":"2023-12-05T16:58:44","slug":"salon-art-decoration","status":"publish","type":"post","link":"https:\/\/designbylylo.com\/index.php\/2023\/11\/16\/salon-art-decoration\/","title":{"rendered":"Salon Art &#038; D\u00e9coration"},"content":{"rendered":"\n<p>Exposition des cr\u00e9ations By Lylo au salon Art &amp; D\u00e9coration \u00e0 Lyon, juin 2018. Apr\u00e8s le succ\u00e8s des trois premi\u00e8res \u00e9ditions parisiennes, le salon \u00ab Art&amp;Deco\u00a0\u00bb s&rsquo;installe \u00e0 la Halle Tony Garnier de Lyon. Cette \u00e9dition a \u00e9galement \u00e9t\u00e9 marqu\u00e9e par les diff\u00e9rentes conf\u00e9rences organis\u00e9es par la revue Art &amp; D\u00e9coration, sans oublier la pr\u00e9sence de St\u00e9phane Millet, de l\u2019\u00e9mission La Maison France 5.<\/p>\n\n\n\n<figure class=\"wp-block-image size-large\"><img loading=\"lazy\" decoding=\"async\" width=\"1024\" height=\"683\" src=\"https:\/\/designbylylo.com\/wp-content\/uploads\/2023\/12\/UNADJUSTEDNONRAW_thumb_c8ac-1024x683.jpg\" alt=\"\" class=\"wp-image-998\" srcset=\"https:\/\/designbylylo.com\/wp-content\/uploads\/2023\/12\/UNADJUSTEDNONRAW_thumb_c8ac-1024x683.jpg 1024w, https:\/\/designbylylo.com\/wp-content\/uploads\/2023\/12\/UNADJUSTEDNONRAW_thumb_c8ac-300x200.jpg 300w, https:\/\/designbylylo.com\/wp-content\/uploads\/2023\/12\/UNADJUSTEDNONRAW_thumb_c8ac-768x512.jpg 768w, https:\/\/designbylylo.com\/wp-content\/uploads\/2023\/12\/UNADJUSTEDNONRAW_thumb_c8ac.jpg 1086w\" sizes=\"auto, (max-width: 1024px) 100vw, 1024px\" \/><\/figure>\n\n\n\n<figure class=\"wp-block-image size-large\"><img loading=\"lazy\" decoding=\"async\" width=\"1024\" height=\"683\" src=\"https:\/\/designbylylo.com\/wp-content\/uploads\/2023\/12\/UNADJUSTEDNONRAW_thumb_c8a8-1024x683.jpg\" alt=\"\" class=\"wp-image-999\" srcset=\"https:\/\/designbylylo.com\/wp-content\/uploads\/2023\/12\/UNADJUSTEDNONRAW_thumb_c8a8-1024x683.jpg 1024w, https:\/\/designbylylo.com\/wp-content\/uploads\/2023\/12\/UNADJUSTEDNONRAW_thumb_c8a8-300x200.jpg 300w, https:\/\/designbylylo.com\/wp-content\/uploads\/2023\/12\/UNADJUSTEDNONRAW_thumb_c8a8-768x512.jpg 768w, https:\/\/designbylylo.com\/wp-content\/uploads\/2023\/12\/UNADJUSTEDNONRAW_thumb_c8a8.jpg 1086w\" sizes=\"auto, (max-width: 1024px) 100vw, 1024px\" \/><\/figure>\n\n\n\n<figure class=\"wp-block-image size-large\"><img loading=\"lazy\" decoding=\"async\" width=\"1024\" height=\"683\" src=\"https:\/\/designbylylo.com\/wp-content\/uploads\/2023\/12\/UNADJUSTEDNONRAW_thumb_c8b1-1024x683.jpg\" alt=\"\" class=\"wp-image-1000\" srcset=\"https:\/\/designbylylo.com\/wp-content\/uploads\/2023\/12\/UNADJUSTEDNONRAW_thumb_c8b1-1024x683.jpg 1024w, https:\/\/designbylylo.com\/wp-content\/uploads\/2023\/12\/UNADJUSTEDNONRAW_thumb_c8b1-300x200.jpg 300w, https:\/\/designbylylo.com\/wp-content\/uploads\/2023\/12\/UNADJUSTEDNONRAW_thumb_c8b1-768x512.jpg 768w, https:\/\/designbylylo.com\/wp-content\/uploads\/2023\/12\/UNADJUSTEDNONRAW_thumb_c8b1.jpg 1086w\" sizes=\"auto, (max-width: 1024px) 100vw, 1024px\" \/><\/figure>\n\n\n\n<figure class=\"wp-block-image size-large\"><img loading=\"lazy\" decoding=\"async\" width=\"1024\" height=\"683\" src=\"https:\/\/designbylylo.com\/wp-content\/uploads\/2023\/12\/UNADJUSTEDNONRAW_thumb_c8a7-1024x683.jpg\" alt=\"\" class=\"wp-image-1001\" srcset=\"https:\/\/designbylylo.com\/wp-content\/uploads\/2023\/12\/UNADJUSTEDNONRAW_thumb_c8a7-1024x683.jpg 1024w, https:\/\/designbylylo.com\/wp-content\/uploads\/2023\/12\/UNADJUSTEDNONRAW_thumb_c8a7-300x200.jpg 300w, https:\/\/designbylylo.com\/wp-content\/uploads\/2023\/12\/UNADJUSTEDNONRAW_thumb_c8a7-768x512.jpg 768w, https:\/\/designbylylo.com\/wp-content\/uploads\/2023\/12\/UNADJUSTEDNONRAW_thumb_c8a7.jpg 1086w\" sizes=\"auto, (max-width: 1024px) 100vw, 1024px\" \/><\/figure>\n\n\n\n<figure class=\"wp-block-image size-large\"><img loading=\"lazy\" decoding=\"async\" width=\"1024\" height=\"683\" src=\"https:\/\/designbylylo.com\/wp-content\/uploads\/2023\/12\/UNADJUSTEDNONRAW_thumb_c895-1024x683.jpg\" alt=\"\" class=\"wp-image-1002\" srcset=\"https:\/\/designbylylo.com\/wp-content\/uploads\/2023\/12\/UNADJUSTEDNONRAW_thumb_c895-1024x683.jpg 1024w, https:\/\/designbylylo.com\/wp-content\/uploads\/2023\/12\/UNADJUSTEDNONRAW_thumb_c895-300x200.jpg 300w, https:\/\/designbylylo.com\/wp-content\/uploads\/2023\/12\/UNADJUSTEDNONRAW_thumb_c895-768x512.jpg 768w, https:\/\/designbylylo.com\/wp-content\/uploads\/2023\/12\/UNADJUSTEDNONRAW_thumb_c895.jpg 1086w\" sizes=\"auto, (max-width: 1024px) 100vw, 1024px\" \/><\/figure>\n\n\n\n<figure class=\"wp-block-image size-large\"><img loading=\"lazy\" decoding=\"async\" width=\"1024\" height=\"683\" src=\"https:\/\/designbylylo.com\/wp-content\/uploads\/2023\/12\/UNADJUSTEDNONRAW_thumb_c8af-1024x683.jpg\" alt=\"\" class=\"wp-image-996\" srcset=\"https:\/\/designbylylo.com\/wp-content\/uploads\/2023\/12\/UNADJUSTEDNONRAW_thumb_c8af-1024x683.jpg 1024w, https:\/\/designbylylo.com\/wp-content\/uploads\/2023\/12\/UNADJUSTEDNONRAW_thumb_c8af-300x200.jpg 300w, https:\/\/designbylylo.com\/wp-content\/uploads\/2023\/12\/UNADJUSTEDNONRAW_thumb_c8af-768x512.jpg 768w, https:\/\/designbylylo.com\/wp-content\/uploads\/2023\/12\/UNADJUSTEDNONRAW_thumb_c8af.jpg 1086w\" sizes=\"auto, (max-width: 1024px) 100vw, 1024px\" \/><\/figure>\n","protected":false},"excerpt":{"rendered":"<p>Exposition des cr\u00e9ations By Lylo au salon Art &amp; D\u00e9coration \u00e0 Lyon, juin 2018. Apr\u00e8s le succ\u00e8s des trois premi\u00e8res \u00e9ditions parisiennes, le salon \u00ab Art&amp;Deco\u00a0\u00bb s&rsquo;installe \u00e0 la Halle Tony Garnier de Lyon. Cette \u00e9dition a \u00e9galement \u00e9t\u00e9 marqu\u00e9e par les diff\u00e9rentes conf\u00e9rences organis\u00e9es par la revue Art &amp; D\u00e9coration, sans oublier la pr\u00e9sence [&hellip;]<\/p>\n","protected":false},"author":1,"featured_media":189,"comment_status":"open","ping_status":"open","sticky":false,"template":"","format":"standard","meta":{"footnotes":""},"categories":[8],"tags":[],"class_list":["post-188","post","type-post","status-publish","format-standard","has-post-thumbnail","hentry","category-exposition"],"_links":{"self":[{"href":"https:\/\/designbylylo.com\/index.php\/wp-json\/wp\/v2\/posts\/188","targetHints":{"allow":["GET"]}}],"collection":[{"href":"https:\/\/designbylylo.com\/index.php\/wp-json\/wp\/v2\/posts"}],"about":[{"href":"https:\/\/designbylylo.com\/index.php\/wp-json\/wp\/v2\/types\/post"}],"author":[{"embeddable":true,"href":"https:\/\/designbylylo.com\/index.php\/wp-json\/wp\/v2\/users\/1"}],"replies":[{"embeddable":true,"href":"https:\/\/designbylylo.com\/index.php\/wp-json\/wp\/v2\/comments?post=188"}],"version-history":[{"count":5,"href":"https:\/\/designbylylo.com\/index.php\/wp-json\/wp\/v2\/posts\/188\/revisions"}],"predecessor-version":[{"id":1010,"href":"https:\/\/designbylylo.com\/index.php\/wp-json\/wp\/v2\/posts\/188\/revisions\/1010"}],"wp:featuredmedia":[{"embeddable":true,"href":"https:\/\/designbylylo.com\/index.php\/wp-json\/wp\/v2\/media\/189"}],"wp:attachment":[{"href":"https:\/\/designbylylo.com\/index.php\/wp-json\/wp\/v2\/media?parent=188"}],"wp:term":[{"taxonomy":"category","embeddable":true,"href":"https:\/\/designbylylo.com\/index.php\/wp-json\/wp\/v2\/categories?post=188"},{"taxonomy":"post_tag","embeddable":true,"href":"https:\/\/designbylylo.com\/index.php\/wp-json\/wp\/v2\/tags?post=188"}],"curies":[{"name":"wp","href":"https:\/\/api.w.org\/{rel}","templated":true}]}}