{"id":1066,"date":"2023-12-13T18:06:46","date_gmt":"2023-12-13T17:06:46","guid":{"rendered":"http:\/\/designbylylo.com\/?p=1066"},"modified":"2023-12-13T18:32:06","modified_gmt":"2023-12-13T17:32:06","slug":"salon-maison-objet-paris-2023","status":"publish","type":"post","link":"https:\/\/designbylylo.com\/index.php\/2023\/12\/13\/salon-maison-objet-paris-2023\/","title":{"rendered":"Salon Maison &#038; Objet Paris &#8211; Janvier 2023"},"content":{"rendered":"\n<p>Cette \u00e9dition de janvier a \u00e9t\u00e9 haute en couleur et sous le signe du bien-\u00eatre \u00ab&nbsp;Take care&nbsp;!&nbsp;\u00bb. Le mobilier pr\u00e9sente des formes r\u00e9confortantes et au textile doux et accueillant avec toujours la laine boucl\u00e9e. Les canap\u00e9s, les fauteuils et m\u00eame les chaises s\u2019arrondissent! Les luminaires deviennent des objets d&rsquo;art, et la fantaisie dans le design a la part belle. Tout pour se sentir bien chez soi.<\/p>\n\n\n\n<figure class=\"wp-block-image size-full\"><img loading=\"lazy\" decoding=\"async\" width=\"768\" height=\"1024\" src=\"https:\/\/designbylylo.com\/wp-content\/uploads\/2023\/12\/9FA36145-D72A-44EA-B1E3-764A00F4CF32_1_105_c.jpeg\" alt=\"\" class=\"wp-image-1074\" srcset=\"https:\/\/designbylylo.com\/wp-content\/uploads\/2023\/12\/9FA36145-D72A-44EA-B1E3-764A00F4CF32_1_105_c.jpeg 768w, https:\/\/designbylylo.com\/wp-content\/uploads\/2023\/12\/9FA36145-D72A-44EA-B1E3-764A00F4CF32_1_105_c-225x300.jpeg 225w\" sizes=\"auto, (max-width: 768px) 100vw, 768px\" \/><\/figure>\n\n\n\n<figure class=\"wp-block-image size-full\"><img loading=\"lazy\" decoding=\"async\" width=\"768\" height=\"1024\" src=\"https:\/\/designbylylo.com\/wp-content\/uploads\/2023\/12\/13198154-10B9-474D-B010-D8E412B25741_1_105_c.jpeg\" alt=\"\" class=\"wp-image-1069\" srcset=\"https:\/\/designbylylo.com\/wp-content\/uploads\/2023\/12\/13198154-10B9-474D-B010-D8E412B25741_1_105_c.jpeg 768w, https:\/\/designbylylo.com\/wp-content\/uploads\/2023\/12\/13198154-10B9-474D-B010-D8E412B25741_1_105_c-225x300.jpeg 225w\" sizes=\"auto, (max-width: 768px) 100vw, 768px\" \/><\/figure>\n\n\n\n<figure class=\"wp-block-image size-full\"><img loading=\"lazy\" decoding=\"async\" width=\"768\" height=\"1024\" src=\"https:\/\/designbylylo.com\/wp-content\/uploads\/2023\/12\/1CCFC5BF-BA90-4E31-B33C-371E7A6C860E_1_105_c.jpeg\" alt=\"\" class=\"wp-image-1073\" srcset=\"https:\/\/designbylylo.com\/wp-content\/uploads\/2023\/12\/1CCFC5BF-BA90-4E31-B33C-371E7A6C860E_1_105_c.jpeg 768w, https:\/\/designbylylo.com\/wp-content\/uploads\/2023\/12\/1CCFC5BF-BA90-4E31-B33C-371E7A6C860E_1_105_c-225x300.jpeg 225w\" sizes=\"auto, (max-width: 768px) 100vw, 768px\" \/><\/figure>\n\n\n\n<figure class=\"wp-block-image size-full\"><img loading=\"lazy\" decoding=\"async\" width=\"768\" height=\"1024\" src=\"https:\/\/designbylylo.com\/wp-content\/uploads\/2023\/12\/DCBDE6E0-9B0A-4274-9561-98CF797B58CD_1_105_c.jpeg\" alt=\"\" class=\"wp-image-1082\" srcset=\"https:\/\/designbylylo.com\/wp-content\/uploads\/2023\/12\/DCBDE6E0-9B0A-4274-9561-98CF797B58CD_1_105_c.jpeg 768w, https:\/\/designbylylo.com\/wp-content\/uploads\/2023\/12\/DCBDE6E0-9B0A-4274-9561-98CF797B58CD_1_105_c-225x300.jpeg 225w\" sizes=\"auto, (max-width: 768px) 100vw, 768px\" \/><\/figure>\n\n\n\n<figure class=\"wp-block-image size-full\"><img loading=\"lazy\" decoding=\"async\" width=\"768\" height=\"1024\" src=\"https:\/\/designbylylo.com\/wp-content\/uploads\/2023\/12\/4946EB77-91B0-4C80-99DB-E9B783EA68CD_1_105_c.jpeg\" alt=\"\" class=\"wp-image-1071\" srcset=\"https:\/\/designbylylo.com\/wp-content\/uploads\/2023\/12\/4946EB77-91B0-4C80-99DB-E9B783EA68CD_1_105_c.jpeg 768w, https:\/\/designbylylo.com\/wp-content\/uploads\/2023\/12\/4946EB77-91B0-4C80-99DB-E9B783EA68CD_1_105_c-225x300.jpeg 225w\" sizes=\"auto, (max-width: 768px) 100vw, 768px\" \/><\/figure>\n","protected":false},"excerpt":{"rendered":"<p>Cette \u00e9dition de janvier a \u00e9t\u00e9 haute en couleur et sous le signe du bien-\u00eatre \u00ab&nbsp;Take care&nbsp;!&nbsp;\u00bb. Le mobilier pr\u00e9sente des formes r\u00e9confortantes et au textile doux et accueillant avec toujours la laine boucl\u00e9e. Les canap\u00e9s, les fauteuils et m\u00eame les chaises s\u2019arrondissent! Les luminaires deviennent des objets d&rsquo;art, et la fantaisie dans le design [&hellip;]<\/p>\n","protected":false},"author":1,"featured_media":1075,"comment_status":"open","ping_status":"open","sticky":false,"template":"","format":"standard","meta":{"footnotes":""},"categories":[7],"tags":[],"class_list":["post-1066","post","type-post","status-publish","format-standard","has-post-thumbnail","hentry","category-evenement"],"_links":{"self":[{"href":"https:\/\/designbylylo.com\/index.php\/wp-json\/wp\/v2\/posts\/1066","targetHints":{"allow":["GET"]}}],"collection":[{"href":"https:\/\/designbylylo.com\/index.php\/wp-json\/wp\/v2\/posts"}],"about":[{"href":"https:\/\/designbylylo.com\/index.php\/wp-json\/wp\/v2\/types\/post"}],"author":[{"embeddable":true,"href":"https:\/\/designbylylo.com\/index.php\/wp-json\/wp\/v2\/users\/1"}],"replies":[{"embeddable":true,"href":"https:\/\/designbylylo.com\/index.php\/wp-json\/wp\/v2\/comments?post=1066"}],"version-history":[{"count":4,"href":"https:\/\/designbylylo.com\/index.php\/wp-json\/wp\/v2\/posts\/1066\/revisions"}],"predecessor-version":[{"id":1086,"href":"https:\/\/designbylylo.com\/index.php\/wp-json\/wp\/v2\/posts\/1066\/revisions\/1086"}],"wp:featuredmedia":[{"embeddable":true,"href":"https:\/\/designbylylo.com\/index.php\/wp-json\/wp\/v2\/media\/1075"}],"wp:attachment":[{"href":"https:\/\/designbylylo.com\/index.php\/wp-json\/wp\/v2\/media?parent=1066"}],"wp:term":[{"taxonomy":"category","embeddable":true,"href":"https:\/\/designbylylo.com\/index.php\/wp-json\/wp\/v2\/categories?post=1066"},{"taxonomy":"post_tag","embeddable":true,"href":"https:\/\/designbylylo.com\/index.php\/wp-json\/wp\/v2\/tags?post=1066"}],"curies":[{"name":"wp","href":"https:\/\/api.w.org\/{rel}","templated":true}]}}